{"id":3803,"date":"2025-01-14T15:54:47","date_gmt":"2025-01-14T15:54:47","guid":{"rendered":"https:\/\/frigodeluxe.com\/?p=3803"},"modified":"2025-01-14T15:56:44","modified_gmt":"2025-01-14T15:56:44","slug":"vend-i-lire-pune-depoist","status":"publish","type":"post","link":"https:\/\/frigodeluxe.com\/en\/vend-i-lire-pune-depoist\/","title":{"rendered":"Vend i lir\u00eb pune: Depoist"},"content":{"rendered":"<p>Frigo Deluxe, lider n\u00eb projektim, shitje dhe mirembajtje t\u00eb kuzhinave profesionale, n\u00eb kuad\u00ebr t\u00eb rritjes s\u00eb vazhdueshme, shpall konkurs p\u00ebr <strong>nj\u00eb vend t\u00eb lir\u00eb pune<\/strong> p\u00ebr pozit\u00ebn:<\/p>\n\n\n\n<h2 class=\"has-text-align-center wp-block-heading\">Depoist<\/h2>\n\n\n\n<p>Lokacioni: \u00c7agllavic\u00eb, Prishtin\u00eb<br>I raporton: Menaxherit gjeneral<\/p>\n\n\n\n<p><strong>P\u00ebrshkrimi i vendit t\u00eb pun\u00ebs:<\/strong><\/p>\n\n\n\n<p>Jemi duke k\u00ebrkuar nj\u00eb Depoist t\u00eb p\u00ebrkushtuar dhe t\u00eb organizuar p\u00ebr t\u2019u bashkuar me ekipin ton\u00eb n\u00eb \u00c7agllavic\u00eb. Ju do t\u00eb jeni p\u00ebrgjegj\u00ebs p\u00ebr mir\u00ebmbajtjen dhe menaxhimin e depozit\u00ebs son\u00eb, duke siguruar q\u00eb pajisjet dhe materialet t\u00eb jen\u00eb t\u00eb organizuara, t\u00eb ruajtura si duhet dhe t\u00eb gatshme p\u00ebr p\u00ebrdorim. Kandidati ideal duhet t\u00eb ket\u00eb aft\u00ebsi t\u00eb shk\u00eblqyera organizative dhe t\u00eb jet\u00eb i gatsh\u00ebm t\u00eb bashk\u00ebpunoj\u00eb me departamente t\u00eb tjera p\u00ebr t\u00eb mb\u00ebshtetur funksionimin e p\u00ebrgjithsh\u00ebm t\u00eb kompanis\u00eb.<\/p>\n\n\n\n<p><strong>Detyrat dhe p\u00ebrgjegj\u00ebsit\u00eb:<\/strong><\/p>\n\n\n\n<ul class=\"wp-block-list\">\n<li>Organizimi dhe sistemimi i produkteve dhe pajisjeve n\u00eb depo.<\/li>\n\n\n\n<li>Pranimi dhe kontrollimi i d\u00ebrgesave p\u00ebr sakt\u00ebsi dhe cil\u00ebsi.<\/li>\n\n\n\n<li>P\u00ebrgatitja dhe dor\u00ebzimi i materialeve dhe pajisjeve sipas k\u00ebrkesave.<\/li>\n\n\n\n<li>Mbajtja e inventarit t\u00eb sakt\u00eb dhe p\u00ebrdit\u00ebsimi i t\u00eb dh\u00ebnave n\u00eb sistem.<\/li>\n\n\n\n<li>Raportimi i mungesave ose problemeve me pajisjet\/materialet.<\/li>\n\n\n\n<li>Sigurimi q\u00eb depoja \u00ebsht\u00eb e past\u00ebr, e organizuar dhe n\u00eb p\u00ebrputhje me standardet e siguris\u00eb.<\/li>\n\n\n\n<li>Mb\u00ebshtetja e departamentit t\u00eb shitjes dhe sh\u00ebrbimeve teknike n\u00eb p\u00ebrgatitjen dhe dor\u00ebzimin e pajisjeve.<\/li>\n<\/ul>\n\n\n\n<p><strong>K\u00ebrkesat dhe aft\u00ebsit\u00eb:<\/strong><\/p>\n\n\n\n<ul class=\"wp-block-list\">\n<li>Aft\u00ebsi t\u00eb shk\u00eblqyera organizative dhe v\u00ebmendje ndaj detajeve.<\/li>\n\n\n\n<li>Njohuri p\u00ebr proceset e inventarit dhe dokumentacionit.<\/li>\n\n\n\n<li>Aft\u00ebsi p\u00ebr t\u00eb ndjekur udh\u00ebzime t\u00eb shkruara dhe verbale.<\/li>\n\n\n\n<li>Aft\u00ebsi t\u00eb mira komunikuese dhe bashk\u00ebpunuese.<\/li>\n\n\n\n<li>Njohuri bazike n\u00eb p\u00ebrdorimin e programeve kompjuterike p\u00ebr menaxhimin e depos.<\/li>\n\n\n\n<li>T\u00eb jet\u00eb i gatsh\u00ebm t\u00eb ndjek\u00eb trajnimet p\u00ebr zhvillim profesional brenda dhe jasht\u00eb shtetit.<\/li>\n<\/ul>\n\n\n\n<p><strong>Dokumentet e k\u00ebrkuara:<\/strong><\/p>\n\n\n\n<ul class=\"wp-block-list\">\n<li>CV<\/li>\n\n\n\n<li>Diplom\u00eb ose certifikata relevante profesionale<\/li>\n\n\n\n<li>\u00c7do dokumentacion tjeter i cili d\u00ebshmon aft\u00ebsin\u00eb dhe shkatht\u00ebsit\u00eb e k\u00ebrkuara<\/li>\n<\/ul>\n\n\n\n<p>N\u00ebse jeni ky person, apliko tani duke d\u00ebrguar CV tuaj n\u00eb <strong>info@frigodeluxe.com<\/strong> m\u00eb s\u00eb voni me dat\u00eb <strong>31 janar, 2025<\/strong>.<\/p>\n\n\n\n<p>Gjithashtu, ju mund t\u00eb telefoni <strong>044 474 474 <\/strong>p\u00ebr t\u00eb marr\u00eb m\u00eb shum\u00eb informata rreth k\u00ebtij konkursi.<\/p>","protected":false},"excerpt":{"rendered":"<p>Frigo Deluxe, lider n\u00eb projektim, shitje dhe mirembajtje t\u00eb kuzhinave profesionale, n\u00eb kuad\u00ebr t\u00eb rritjes s\u00eb vazhdueshme, shpall konkurs p\u00ebr nj\u00eb vend t\u00eb lir\u00eb pune p\u00ebr pozit\u00ebn: Depoist Lokacioni: \u00c7agllavic\u00eb, Prishtin\u00ebI raporton: Menaxherit gjeneral P\u00ebrshkrimi i vendit t\u00eb pun\u00ebs: Jemi duke k\u00ebrkuar nj\u00eb Depoist t\u00eb p\u00ebrkushtuar dhe t\u00eb organizuar p\u00ebr t\u2019u bashkuar me ekipin ton\u00eb [&hellip;]<\/p>","protected":false},"author":1,"featured_media":0,"comment_status":"closed","ping_status":"","sticky":false,"template":"","format":"standard","meta":{"_acf_changed":false,"footnotes":""},"categories":[11],"tags":[],"class_list":["post-3803","post","type-post","status-publish","format-standard","hentry","category-blog"],"acf":[],"_links":{"self":[{"href":"https:\/\/frigodeluxe.com\/en\/wp-json\/wp\/v2\/posts\/3803","targetHints":{"allow":["GET"]}}],"collection":[{"href":"https:\/\/frigodeluxe.com\/en\/wp-json\/wp\/v2\/posts"}],"about":[{"href":"https:\/\/frigodeluxe.com\/en\/wp-json\/wp\/v2\/types\/post"}],"author":[{"embeddable":true,"href":"https:\/\/frigodeluxe.com\/en\/wp-json\/wp\/v2\/users\/1"}],"replies":[{"embeddable":true,"href":"https:\/\/frigodeluxe.com\/en\/wp-json\/wp\/v2\/comments?post=3803"}],"version-history":[{"count":3,"href":"https:\/\/frigodeluxe.com\/en\/wp-json\/wp\/v2\/posts\/3803\/revisions"}],"predecessor-version":[{"id":3808,"href":"https:\/\/frigodeluxe.com\/en\/wp-json\/wp\/v2\/posts\/3803\/revisions\/3808"}],"wp:attachment":[{"href":"https:\/\/frigodeluxe.com\/en\/wp-json\/wp\/v2\/media?parent=3803"}],"wp:term":[{"taxonomy":"category","embeddable":true,"href":"https:\/\/frigodeluxe.com\/en\/wp-json\/wp\/v2\/categories?post=3803"},{"taxonomy":"post_tag","embeddable":true,"href":"https:\/\/frigodeluxe.com\/en\/wp-json\/wp\/v2\/tags?post=3803"}],"curies":[{"name":"wp","href":"https:\/\/api.w.org\/{rel}","templated":true}]}}